{"id":169,"date":"2004-07-28T19:03:05","date_gmt":"2004-07-28T17:03:05","guid":{"rendered":"http:\/\/gnu.inter.it\/blogs\/fabu\/?p=169"},"modified":"2004-07-28T19:03:05","modified_gmt":"2004-07-28T17:03:05","slug":"firmato-il-contratto","status":"publish","type":"post","link":"https:\/\/fabioinvernizzi.com\/blog\/2004\/07\/28\/firmato-il-contratto\/","title":{"rendered":"Firmato il contratto"},"content":{"rendered":"<p>Dopo varie vicissitudini oggi ho rinnovato il contratto con l&#8217;inter.<\/p>\n<p>La forma contrattuale \u00e8 quella di &#8220;contratto a progetto&#8221; e terr\u00f2 aperta la P.IVA per le altre collaborazioni. In questo modo mi si incasina un po&#8217; la contabilit\u00e0 ma sono un po&#8217; pi\u00f9 tutelato e, soprattutto, l&#8217;inter mi paga i 2\/3 dell&#8217;INPS :-)<\/p>\n<p>Per quel che riguarda mansioni e organigramma non si sa&#8217; ancora nulla: stiamo aspettando il dettagliato report dei nostri illustri consulenti&#8230; chiss\u00e0 come formalizzeranno le mie mansioni&#8230; dubito che abbiano capito cosa faccio visto che con me non ha parlato nessuno e che chi a parlato di me ha detto poco o niente :-\/<\/p>\n","protected":false},"excerpt":{"rendered":"<p>Dopo varie vicissitudini oggi ho rinnovato il contratto con l&#8217;inter. La forma contrattuale \u00e8 quella di &#8220;contratto a progetto&#8221; e terr\u00f2 aperta la P.IVA per le altre collaborazioni. In questo modo mi si incasina un po&#8217; la contabilit\u00e0 ma sono un po&#8217; pi\u00f9 tutelato e, soprattutto, l&#8217;inter mi paga i 2\/3 dell&#8217;INPS :-) Per quel &hellip; <a href=\"https:\/\/fabioinvernizzi.com\/blog\/2004\/07\/28\/firmato-il-contratto\/\" class=\"more-link\">Continue reading <span class=\"screen-reader-text\">Firmato il contratto<\/span> <span class=\"meta-nav\">&rarr;<\/span><\/a><\/p>\n","protected":false},"author":2,"featured_media":0,"comment_status":"closed","ping_status":"closed","sticky":false,"template":"","format":"standard","meta":{"ngg_post_thumbnail":0,"footnotes":""},"categories":[2],"tags":[4],"class_list":["post-169","post","type-post","status-publish","format-standard","hentry","category-me","tag-work"],"_links":{"self":[{"href":"https:\/\/fabioinvernizzi.com\/blog\/wp-json\/wp\/v2\/posts\/169"}],"collection":[{"href":"https:\/\/fabioinvernizzi.com\/blog\/wp-json\/wp\/v2\/posts"}],"about":[{"href":"https:\/\/fabioinvernizzi.com\/blog\/wp-json\/wp\/v2\/types\/post"}],"author":[{"embeddable":true,"href":"https:\/\/fabioinvernizzi.com\/blog\/wp-json\/wp\/v2\/users\/2"}],"replies":[{"embeddable":true,"href":"https:\/\/fabioinvernizzi.com\/blog\/wp-json\/wp\/v2\/comments?post=169"}],"version-history":[{"count":0,"href":"https:\/\/fabioinvernizzi.com\/blog\/wp-json\/wp\/v2\/posts\/169\/revisions"}],"wp:attachment":[{"href":"https:\/\/fabioinvernizzi.com\/blog\/wp-json\/wp\/v2\/media?parent=169"}],"wp:term":[{"taxonomy":"category","embeddable":true,"href":"https:\/\/fabioinvernizzi.com\/blog\/wp-json\/wp\/v2\/categories?post=169"},{"taxonomy":"post_tag","embeddable":true,"href":"https:\/\/fabioinvernizzi.com\/blog\/wp-json\/wp\/v2\/tags?post=169"}],"curies":[{"name":"wp","href":"https:\/\/api.w.org\/{rel}","templated":true}]}}